{"id":386,"date":"2024-04-04T22:17:14","date_gmt":"2024-04-04T20:17:14","guid":{"rendered":"https:\/\/wordpress.lg-deiringsen.de\/?p=386"},"modified":"2024-06-10T12:05:51","modified_gmt":"2024-06-10T10:05:51","slug":"wimmer-und-wagner-liefen-bei-rekordauflage-des-paderborner-osterlaufs","status":"publish","type":"post","link":"https:\/\/lg-deiringsen.de\/?p=386","title":{"rendered":"Wimmer und Wagner liefen bei Rekordauflage des Paderborner Osterlaufs"},"content":{"rendered":"\n<p>Er ist zwar alt, erfreut sich aber immer neuster Beliebtheit &#8211; der Paderborner Osterlauf, der \u00e4lteste Stra\u00dfenlauf Deutschlands, feierte am vergangenen Karsamstag nicht nur sein nunmehr 76. j\u00e4hriges Bestehen, sondern verbuchte sogar einen neuen Teilnehmerrekord: 12791 L\u00e4uferinnen und L\u00e4ufer auf den unterschiedlichsten Distanzen sorgten f\u00fcr ein wahres Volksfest in der Domstadt.<\/p>\n\n\n\n<!--more-->\n\n\n\n<p>Unter den laufenden Partyg\u00e4sten t\u00fcmmelten sich auch Miriam Wimmer und Andreas Wagner von der LG Deiringsen. Miriam Wimmer, die im letzten Jahr ihr Deb\u00fct beim Osterlauf gab, nahm den 10 km Lauf unter die F\u00fc\u00dfe, der mit 4245 Teilnehmern als Hauptlauf galt. Aufgrund dieser Menschenmasse hatte sie auf den ersten 2,5 km zun\u00e4chst Probleme, ihren Laufrhythmus zu finden. &#8222;Die \u00dcberholman\u00f6ver kosteten viel Kraft&#8220; beschrieb Wimmer, die jedoch in der zweiten Rennh\u00e4lfte ihre St\u00e4rken heraus lief. Mit einer Zielzeit von 42:03 Minuten war sie daher sehr zufrieden und belegte den 40. Gesamtplatz. In der weiblichen Hauptklasse wurde sie 16.<\/p>\n\n\n\n<p>Leicht niedergeschlagen wirkte jedoch ihr Vereinskollege Andreas Wagner im Ziel nach seinem Halbmarathon. &#8222;Die Zielzeit von 1:44:09 Std. h\u00e4tte ich vor dem Rennen noch unterschrieben, aber vom Rennverlauf her bin ich echt geknickt&#8220; so Wagner, der in dem 2189 k\u00f6pfigen Teilnehmerfeld zun\u00e4chst gut ins Rennen startete. Bis Kilometer 18 war er auf 1:40er Kurs, bis ihn die Kr\u00e4fte verlie\u00dfen. &#8222;So einen Einbruch hatte ich lange nicht mehr&#8220; beschrieb Wagner seinen Leistungsabfall und rettete sich noch unter das selbstgesteckte Mindestziel von 1:45 Std.. In der Ergebnisliste war er auf dem 493. Gesamtplatz zu finden, in seiner Altersklasse M35 belegte er Rang 96.<\/p>\n","protected":false},"excerpt":{"rendered":"<p>Er ist zwar alt, erfreut sich aber immer neuster Beliebtheit &#8211; der Paderborner Osterlauf, der \u00e4lteste Stra\u00dfenlauf Deutschlands, feierte am vergangenen Karsamstag nicht nur sein nunmehr 76. j\u00e4hriges Bestehen, sondern [&hellip;]<\/p>\n","protected":false},"author":2,"featured_media":387,"comment_status":"open","ping_status":"open","sticky":false,"template":"","format":"standard","meta":{"footnotes":""},"categories":[8],"tags":[],"class_list":["post-386","post","type-post","status-publish","format-standard","has-post-thumbnail","hentry","category-laufbericht","post-preview"],"yoast_head":"<!-- This site is optimized with the Yoast SEO plugin v27.5 - https:\/\/yoast.com\/product\/yoast-seo-wordpress\/ -->\n<title>Wimmer und Wagner liefen bei Rekordauflage des Paderborner Osterlaufs - LG-Deiringsen<\/title>\n<meta name=\"robots\" content=\"index, follow, max-snippet:-1, max-image-preview:large, max-video-preview:-1\" \/>\n<link rel=\"canonical\" href=\"https:\/\/lg-deiringsen.de\/?p=386\" \/>\n<meta property=\"og:locale\" content=\"de_DE\" \/>\n<meta property=\"og:type\" content=\"article\" \/>\n<meta property=\"og:title\" content=\"Wimmer und Wagner liefen bei Rekordauflage des Paderborner Osterlaufs - LG-Deiringsen\" \/>\n<meta property=\"og:description\" content=\"Er ist zwar alt, erfreut sich aber immer neuster Beliebtheit &#8211; der Paderborner Osterlauf, der \u00e4lteste Stra\u00dfenlauf Deutschlands, feierte am vergangenen Karsamstag nicht nur sein nunmehr 76. j\u00e4hriges Bestehen, sondern [&hellip;]\" \/>\n<meta property=\"og:url\" content=\"https:\/\/lg-deiringsen.de\/?p=386\" \/>\n<meta property=\"og:site_name\" content=\"LG-Deiringsen\" \/>\n<meta property=\"article:published_time\" content=\"2024-04-04T20:17:14+00:00\" \/>\n<meta property=\"article:modified_time\" content=\"2024-06-10T10:05:51+00:00\" \/>\n<meta property=\"og:image\" content=\"https:\/\/lg-deiringsen.de\/wp-content\/uploads\/2024\/06\/IMG_20240330_115937-scaled.jpg\" \/>\n\t<meta property=\"og:image:width\" content=\"1920\" \/>\n\t<meta property=\"og:image:height\" content=\"2560\" \/>\n\t<meta property=\"og:image:type\" content=\"image\/jpeg\" \/>\n<meta name=\"author\" content=\"Kalle\" \/>\n<meta name=\"twitter:card\" content=\"summary_large_image\" \/>\n<meta name=\"twitter:label1\" content=\"Verfasst von\" \/>\n\t<meta name=\"twitter:data1\" content=\"Kalle\" \/>\n\t<meta name=\"twitter:label2\" content=\"Gesch\u00e4tzte Lesezeit\" \/>\n\t<meta name=\"twitter:data2\" content=\"2\u00a0Minuten\" \/>\n<script type=\"application\/ld+json\" class=\"yoast-schema-graph\">{\"@context\":\"https:\\\/\\\/schema.org\",\"@graph\":[{\"@type\":\"Article\",\"@id\":\"https:\\\/\\\/lg-deiringsen.de\\\/?p=386#article\",\"isPartOf\":{\"@id\":\"https:\\\/\\\/lg-deiringsen.de\\\/?p=386\"},\"author\":{\"name\":\"Kalle\",\"@id\":\"https:\\\/\\\/lg-deiringsen.de\\\/#\\\/schema\\\/person\\\/c34323eba38f9fb986f08c116c3d7d8d\"},\"headline\":\"Wimmer und Wagner liefen bei Rekordauflage des Paderborner Osterlaufs\",\"datePublished\":\"2024-04-04T20:17:14+00:00\",\"dateModified\":\"2024-06-10T10:05:51+00:00\",\"mainEntityOfPage\":{\"@id\":\"https:\\\/\\\/lg-deiringsen.de\\\/?p=386\"},\"wordCount\":263,\"commentCount\":0,\"publisher\":{\"@id\":\"https:\\\/\\\/lg-deiringsen.de\\\/#organization\"},\"image\":{\"@id\":\"https:\\\/\\\/lg-deiringsen.de\\\/?p=386#primaryimage\"},\"thumbnailUrl\":\"https:\\\/\\\/lg-deiringsen.de\\\/wp-content\\\/uploads\\\/2024\\\/06\\\/IMG_20240330_115937-scaled.jpg\",\"articleSection\":[\"Laufbericht\"],\"inLanguage\":\"de\",\"potentialAction\":[{\"@type\":\"CommentAction\",\"name\":\"Comment\",\"target\":[\"https:\\\/\\\/lg-deiringsen.de\\\/?p=386#respond\"]}]},{\"@type\":\"WebPage\",\"@id\":\"https:\\\/\\\/lg-deiringsen.de\\\/?p=386\",\"url\":\"https:\\\/\\\/lg-deiringsen.de\\\/?p=386\",\"name\":\"Wimmer und Wagner liefen bei Rekordauflage des Paderborner Osterlaufs - LG-Deiringsen\",\"isPartOf\":{\"@id\":\"https:\\\/\\\/lg-deiringsen.de\\\/#website\"},\"primaryImageOfPage\":{\"@id\":\"https:\\\/\\\/lg-deiringsen.de\\\/?p=386#primaryimage\"},\"image\":{\"@id\":\"https:\\\/\\\/lg-deiringsen.de\\\/?p=386#primaryimage\"},\"thumbnailUrl\":\"https:\\\/\\\/lg-deiringsen.de\\\/wp-content\\\/uploads\\\/2024\\\/06\\\/IMG_20240330_115937-scaled.jpg\",\"datePublished\":\"2024-04-04T20:17:14+00:00\",\"dateModified\":\"2024-06-10T10:05:51+00:00\",\"breadcrumb\":{\"@id\":\"https:\\\/\\\/lg-deiringsen.de\\\/?p=386#breadcrumb\"},\"inLanguage\":\"de\",\"potentialAction\":[{\"@type\":\"ReadAction\",\"target\":[\"https:\\\/\\\/lg-deiringsen.de\\\/?p=386\"]}]},{\"@type\":\"ImageObject\",\"inLanguage\":\"de\",\"@id\":\"https:\\\/\\\/lg-deiringsen.de\\\/?p=386#primaryimage\",\"url\":\"https:\\\/\\\/lg-deiringsen.de\\\/wp-content\\\/uploads\\\/2024\\\/06\\\/IMG_20240330_115937-scaled.jpg\",\"contentUrl\":\"https:\\\/\\\/lg-deiringsen.de\\\/wp-content\\\/uploads\\\/2024\\\/06\\\/IMG_20240330_115937-scaled.jpg\",\"width\":1920,\"height\":2560},{\"@type\":\"BreadcrumbList\",\"@id\":\"https:\\\/\\\/lg-deiringsen.de\\\/?p=386#breadcrumb\",\"itemListElement\":[{\"@type\":\"ListItem\",\"position\":1,\"name\":\"Startseite\",\"item\":\"https:\\\/\\\/lg-deiringsen.de\\\/\"},{\"@type\":\"ListItem\",\"position\":2,\"name\":\"Wimmer und Wagner liefen bei Rekordauflage des Paderborner Osterlaufs\"}]},{\"@type\":\"WebSite\",\"@id\":\"https:\\\/\\\/lg-deiringsen.de\\\/#website\",\"url\":\"https:\\\/\\\/lg-deiringsen.de\\\/\",\"name\":\"LG-Deiringsen\",\"description\":\"\",\"publisher\":{\"@id\":\"https:\\\/\\\/lg-deiringsen.de\\\/#organization\"},\"alternateName\":\"Laufgruppe Deiringsen\",\"potentialAction\":[{\"@type\":\"SearchAction\",\"target\":{\"@type\":\"EntryPoint\",\"urlTemplate\":\"https:\\\/\\\/lg-deiringsen.de\\\/?s={search_term_string}\"},\"query-input\":{\"@type\":\"PropertyValueSpecification\",\"valueRequired\":true,\"valueName\":\"search_term_string\"}}],\"inLanguage\":\"de\"},{\"@type\":\"Organization\",\"@id\":\"https:\\\/\\\/lg-deiringsen.de\\\/#organization\",\"name\":\"LG-Deiringsen\",\"url\":\"https:\\\/\\\/lg-deiringsen.de\\\/\",\"logo\":{\"@type\":\"ImageObject\",\"inLanguage\":\"de\",\"@id\":\"https:\\\/\\\/lg-deiringsen.de\\\/#\\\/schema\\\/logo\\\/image\\\/\",\"url\":\"https:\\\/\\\/lg-deiringsen.de\\\/wp-content\\\/uploads\\\/2024\\\/04\\\/logotrans100.png\",\"contentUrl\":\"https:\\\/\\\/lg-deiringsen.de\\\/wp-content\\\/uploads\\\/2024\\\/04\\\/logotrans100.png\",\"width\":100,\"height\":100,\"caption\":\"LG-Deiringsen\"},\"image\":{\"@id\":\"https:\\\/\\\/lg-deiringsen.de\\\/#\\\/schema\\\/logo\\\/image\\\/\"}},{\"@type\":\"Person\",\"@id\":\"https:\\\/\\\/lg-deiringsen.de\\\/#\\\/schema\\\/person\\\/c34323eba38f9fb986f08c116c3d7d8d\",\"name\":\"Kalle\",\"image\":{\"@type\":\"ImageObject\",\"inLanguage\":\"de\",\"@id\":\"https:\\\/\\\/secure.gravatar.com\\\/avatar\\\/548a26d0345e2d8917964f07c24a4a5f98c3899410f72c5ec1cf46fd4caee716?s=96&d=mm&r=g\",\"url\":\"https:\\\/\\\/secure.gravatar.com\\\/avatar\\\/548a26d0345e2d8917964f07c24a4a5f98c3899410f72c5ec1cf46fd4caee716?s=96&d=mm&r=g\",\"contentUrl\":\"https:\\\/\\\/secure.gravatar.com\\\/avatar\\\/548a26d0345e2d8917964f07c24a4a5f98c3899410f72c5ec1cf46fd4caee716?s=96&d=mm&r=g\",\"caption\":\"Kalle\"},\"sameAs\":[\"kai.haeschel\"],\"url\":\"https:\\\/\\\/lg-deiringsen.de\\\/?author=2\"}]}<\/script>\n<!-- \/ Yoast SEO plugin. -->","yoast_head_json":{"title":"Wimmer und Wagner liefen bei Rekordauflage des Paderborner Osterlaufs - LG-Deiringsen","robots":{"index":"index","follow":"follow","max-snippet":"max-snippet:-1","max-image-preview":"max-image-preview:large","max-video-preview":"max-video-preview:-1"},"canonical":"https:\/\/lg-deiringsen.de\/?p=386","og_locale":"de_DE","og_type":"article","og_title":"Wimmer und Wagner liefen bei Rekordauflage des Paderborner Osterlaufs - LG-Deiringsen","og_description":"Er ist zwar alt, erfreut sich aber immer neuster Beliebtheit &#8211; der Paderborner Osterlauf, der \u00e4lteste Stra\u00dfenlauf Deutschlands, feierte am vergangenen Karsamstag nicht nur sein nunmehr 76. j\u00e4hriges Bestehen, sondern [&hellip;]","og_url":"https:\/\/lg-deiringsen.de\/?p=386","og_site_name":"LG-Deiringsen","article_published_time":"2024-04-04T20:17:14+00:00","article_modified_time":"2024-06-10T10:05:51+00:00","og_image":[{"width":1920,"height":2560,"url":"https:\/\/lg-deiringsen.de\/wp-content\/uploads\/2024\/06\/IMG_20240330_115937-scaled.jpg","type":"image\/jpeg"}],"author":"Kalle","twitter_card":"summary_large_image","twitter_misc":{"Verfasst von":"Kalle","Gesch\u00e4tzte Lesezeit":"2\u00a0Minuten"},"schema":{"@context":"https:\/\/schema.org","@graph":[{"@type":"Article","@id":"https:\/\/lg-deiringsen.de\/?p=386#article","isPartOf":{"@id":"https:\/\/lg-deiringsen.de\/?p=386"},"author":{"name":"Kalle","@id":"https:\/\/lg-deiringsen.de\/#\/schema\/person\/c34323eba38f9fb986f08c116c3d7d8d"},"headline":"Wimmer und Wagner liefen bei Rekordauflage des Paderborner Osterlaufs","datePublished":"2024-04-04T20:17:14+00:00","dateModified":"2024-06-10T10:05:51+00:00","mainEntityOfPage":{"@id":"https:\/\/lg-deiringsen.de\/?p=386"},"wordCount":263,"commentCount":0,"publisher":{"@id":"https:\/\/lg-deiringsen.de\/#organization"},"image":{"@id":"https:\/\/lg-deiringsen.de\/?p=386#primaryimage"},"thumbnailUrl":"https:\/\/lg-deiringsen.de\/wp-content\/uploads\/2024\/06\/IMG_20240330_115937-scaled.jpg","articleSection":["Laufbericht"],"inLanguage":"de","potentialAction":[{"@type":"CommentAction","name":"Comment","target":["https:\/\/lg-deiringsen.de\/?p=386#respond"]}]},{"@type":"WebPage","@id":"https:\/\/lg-deiringsen.de\/?p=386","url":"https:\/\/lg-deiringsen.de\/?p=386","name":"Wimmer und Wagner liefen bei Rekordauflage des Paderborner Osterlaufs - LG-Deiringsen","isPartOf":{"@id":"https:\/\/lg-deiringsen.de\/#website"},"primaryImageOfPage":{"@id":"https:\/\/lg-deiringsen.de\/?p=386#primaryimage"},"image":{"@id":"https:\/\/lg-deiringsen.de\/?p=386#primaryimage"},"thumbnailUrl":"https:\/\/lg-deiringsen.de\/wp-content\/uploads\/2024\/06\/IMG_20240330_115937-scaled.jpg","datePublished":"2024-04-04T20:17:14+00:00","dateModified":"2024-06-10T10:05:51+00:00","breadcrumb":{"@id":"https:\/\/lg-deiringsen.de\/?p=386#breadcrumb"},"inLanguage":"de","potentialAction":[{"@type":"ReadAction","target":["https:\/\/lg-deiringsen.de\/?p=386"]}]},{"@type":"ImageObject","inLanguage":"de","@id":"https:\/\/lg-deiringsen.de\/?p=386#primaryimage","url":"https:\/\/lg-deiringsen.de\/wp-content\/uploads\/2024\/06\/IMG_20240330_115937-scaled.jpg","contentUrl":"https:\/\/lg-deiringsen.de\/wp-content\/uploads\/2024\/06\/IMG_20240330_115937-scaled.jpg","width":1920,"height":2560},{"@type":"BreadcrumbList","@id":"https:\/\/lg-deiringsen.de\/?p=386#breadcrumb","itemListElement":[{"@type":"ListItem","position":1,"name":"Startseite","item":"https:\/\/lg-deiringsen.de\/"},{"@type":"ListItem","position":2,"name":"Wimmer und Wagner liefen bei Rekordauflage des Paderborner Osterlaufs"}]},{"@type":"WebSite","@id":"https:\/\/lg-deiringsen.de\/#website","url":"https:\/\/lg-deiringsen.de\/","name":"LG-Deiringsen","description":"","publisher":{"@id":"https:\/\/lg-deiringsen.de\/#organization"},"alternateName":"Laufgruppe Deiringsen","potentialAction":[{"@type":"SearchAction","target":{"@type":"EntryPoint","urlTemplate":"https:\/\/lg-deiringsen.de\/?s={search_term_string}"},"query-input":{"@type":"PropertyValueSpecification","valueRequired":true,"valueName":"search_term_string"}}],"inLanguage":"de"},{"@type":"Organization","@id":"https:\/\/lg-deiringsen.de\/#organization","name":"LG-Deiringsen","url":"https:\/\/lg-deiringsen.de\/","logo":{"@type":"ImageObject","inLanguage":"de","@id":"https:\/\/lg-deiringsen.de\/#\/schema\/logo\/image\/","url":"https:\/\/lg-deiringsen.de\/wp-content\/uploads\/2024\/04\/logotrans100.png","contentUrl":"https:\/\/lg-deiringsen.de\/wp-content\/uploads\/2024\/04\/logotrans100.png","width":100,"height":100,"caption":"LG-Deiringsen"},"image":{"@id":"https:\/\/lg-deiringsen.de\/#\/schema\/logo\/image\/"}},{"@type":"Person","@id":"https:\/\/lg-deiringsen.de\/#\/schema\/person\/c34323eba38f9fb986f08c116c3d7d8d","name":"Kalle","image":{"@type":"ImageObject","inLanguage":"de","@id":"https:\/\/secure.gravatar.com\/avatar\/548a26d0345e2d8917964f07c24a4a5f98c3899410f72c5ec1cf46fd4caee716?s=96&d=mm&r=g","url":"https:\/\/secure.gravatar.com\/avatar\/548a26d0345e2d8917964f07c24a4a5f98c3899410f72c5ec1cf46fd4caee716?s=96&d=mm&r=g","contentUrl":"https:\/\/secure.gravatar.com\/avatar\/548a26d0345e2d8917964f07c24a4a5f98c3899410f72c5ec1cf46fd4caee716?s=96&d=mm&r=g","caption":"Kalle"},"sameAs":["kai.haeschel"],"url":"https:\/\/lg-deiringsen.de\/?author=2"}]}},"_links":{"self":[{"href":"https:\/\/lg-deiringsen.de\/index.php?rest_route=\/wp\/v2\/posts\/386","targetHints":{"allow":["GET"]}}],"collection":[{"href":"https:\/\/lg-deiringsen.de\/index.php?rest_route=\/wp\/v2\/posts"}],"about":[{"href":"https:\/\/lg-deiringsen.de\/index.php?rest_route=\/wp\/v2\/types\/post"}],"author":[{"embeddable":true,"href":"https:\/\/lg-deiringsen.de\/index.php?rest_route=\/wp\/v2\/users\/2"}],"replies":[{"embeddable":true,"href":"https:\/\/lg-deiringsen.de\/index.php?rest_route=%2Fwp%2Fv2%2Fcomments&post=386"}],"version-history":[{"count":2,"href":"https:\/\/lg-deiringsen.de\/index.php?rest_route=\/wp\/v2\/posts\/386\/revisions"}],"predecessor-version":[{"id":392,"href":"https:\/\/lg-deiringsen.de\/index.php?rest_route=\/wp\/v2\/posts\/386\/revisions\/392"}],"wp:featuredmedia":[{"embeddable":true,"href":"https:\/\/lg-deiringsen.de\/index.php?rest_route=\/wp\/v2\/media\/387"}],"wp:attachment":[{"href":"https:\/\/lg-deiringsen.de\/index.php?rest_route=%2Fwp%2Fv2%2Fmedia&parent=386"}],"wp:term":[{"taxonomy":"category","embeddable":true,"href":"https:\/\/lg-deiringsen.de\/index.php?rest_route=%2Fwp%2Fv2%2Fcategories&post=386"},{"taxonomy":"post_tag","embeddable":true,"href":"https:\/\/lg-deiringsen.de\/index.php?rest_route=%2Fwp%2Fv2%2Ftags&post=386"}],"curies":[{"name":"wp","href":"https:\/\/api.w.org\/{rel}","templated":true}]}}